{"id":49,"date":"2026-03-14T01:02:47","date_gmt":"2026-03-14T01:02:47","guid":{"rendered":"https:\/\/bavaromagazinenet-130b396.ingress-daribow.ewp.live\/?p=49"},"modified":"2026-03-14T01:02:47","modified_gmt":"2026-03-14T01:02:47","slug":"angelo-perrone-sigue-poniendo-la-bandera-dominicana-en-altocon-nominacion-a-premios-fenix-de-colombia","status":"publish","type":"post","link":"https:\/\/bavaromagazinenet-130b396.ingress-daribow.ewp.live\/?p=49","title":{"rendered":"Angelo Perrone sigue poniendo la bandera Dominicana en alto,con nominaci\u00f3n a Premios F\u00e9nix de Colombia"},"content":{"rendered":"<p><strong>Angelo Perrone sigue poniendo la bandera Dominicana en alto,con nominaci\u00f3n a Premios F\u00e9nix de Colombia<\/strong><!--more--><\/p>\n<p>Santo Domingo. \u2013 El artista Angelo Perrone vuelve a poner la bandera de la Rep\u00fablica Dominicana en alto tras recibir una importante nominaci\u00f3n en la tercera edici\u00f3n de los Premios F\u00e9nix Fest, donde compite en la categor\u00eda Mejor Artista Revelaci\u00f3n del A\u00f1o.<\/p>\n<p>Esta nominaci\u00f3n representa un paso trascendental en la carrera de Perrone,quien gracias a su talento, disciplina y carisma se ha convertido en uno de los artistas dominicanos con mayor proyecci\u00f3n internacional.<\/p>\n<p>Seguidores y especialistas de la industria musical expresan que Perrone se posiciona como uno de los favoritos del p\u00fablico para alzarse con la estatuilla en esta prestigiosa gala de Premios F\u00e9nix.<\/p>\n<p>Los cuales se celebrar\u00e1n en Medell\u00edn, Colombia, iniciando con una gala de apertura el 29 de abril, mientras que la ceremonia oficial de premiaci\u00f3n se realizar\u00e1 el 30 de abril en Bora Bora, en un evento que promete ser una gran celebraci\u00f3n del arte, la m\u00fasica y la cultura.<\/p>\n<p>Premios F\u00e9nix son dirigido y creado por el empresario Neyder Culchac, quien enfatiza que esta premiaci\u00f3n busca reconocer el esfuerzo, la creatividad y el impacto de figuras del arte,que est\u00e1n marcando una nueva generaci\u00f3n dentro de la industria del entretenimiento.<\/p>\n<p>Angelo tendr\u00e1 una presentaci\u00f3n art\u00edstica especial durante los Premios F\u00e9nix Fest 2026, donde promete ofrecer un show de alto impacto. Sus presentaciones se caracterizan por ser espect\u00e1culos completos que incluyen bailarines, coreograf\u00edas din\u00e1micas, efectos visuales y pirotecnia, lo que destaca su presencia esc\u00e9nica y su capacidad de conectar con el p\u00fablico.<\/p>\n<p>A lo largo de su carrera, Angelo Perrone ha sido ganador de importantes premiaciones en su pa\u00eds, Rep\u00fablica Dominicana, consolidando su nombre dentro de la industria musical.<\/p>\n<p>El artista tambi\u00e9n ha realizado exitosas giras en Colombia, pa\u00eds que lo ha acogido con gran cari\u00f1o y donde su m\u00fasica ha logrado conectar con miles de seguidores, convirti\u00e9ndose pr\u00e1cticamente en su segunda casa art\u00edstica. Estas presentaciones han fortalecido su presencia internacional y han ampliado su base de fan\u00e1ticos en Latinoam\u00e9rica.<\/p>\n<p>\u201cEsto no solo un logro personal, sino tambi\u00e9n una oportunidad para seguir proyectando y poniendo en alto con orgullo la bandera dominicana en escenarios internacionales\u201d expres\u00f3 perrone a trav\u00e9s de sus redes<br \/>\nsociales @angeloperroneb_ al enterarse de su nominaci\u00f3n\u201d<\/p>\n<p>Para conocer m\u00e1s sobre el artista y sus planes y proyectos futuros, seguirlo en sus diferentes redes sociales y plataformas de m\u00fasicas, como @angeloperroneb_ .<\/p>\n<p><img loading=\"lazy\" decoding=\"async\" class=\"alignnone size-medium wp-image-51\" src=\"https:\/\/bavaromagazinenet-130b396.ingress-daribow.ewp.live\/wp-content\/uploads\/2026\/03\/WhatsApp-Image-2026-03-13-at-7.55.06-BSHDSDBS-1-275x300.jpeg\" alt=\"\" width=\"275\" height=\"300\" srcset=\"https:\/\/bavaromagazinenet-130b396.ingress-daribow.ewp.live\/wp-content\/uploads\/2026\/03\/WhatsApp-Image-2026-03-13-at-7.55.06-BSHDSDBS-1-275x300.jpeg 275w, https:\/\/bavaromagazinenet-130b396.ingress-daribow.ewp.live\/wp-content\/uploads\/2026\/03\/WhatsApp-Image-2026-03-13-at-7.55.06-BSHDSDBS-1-938x1024.jpeg 938w, https:\/\/bavaromagazinenet-130b396.ingress-daribow.ewp.live\/wp-content\/uploads\/2026\/03\/WhatsApp-Image-2026-03-13-at-7.55.06-BSHDSDBS-1-768x838.jpeg 768w, https:\/\/bavaromagazinenet-130b396.ingress-daribow.ewp.live\/wp-content\/uploads\/2026\/03\/WhatsApp-Image-2026-03-13-at-7.55.06-BSHDSDBS-1-1407x1536.jpeg 1407w, https:\/\/bavaromagazinenet-130b396.ingress-daribow.ewp.live\/wp-content\/uploads\/2026\/03\/WhatsApp-Image-2026-03-13-at-7.55.06-BSHDSDBS-1.jpeg 1466w\" sizes=\"auto, (max-width: 275px) 100vw, 275px\" \/> <img loading=\"lazy\" decoding=\"async\" class=\"alignnone size-medium wp-image-52\" src=\"https:\/\/bavaromagazinenet-130b396.ingress-daribow.ewp.live\/wp-content\/uploads\/2026\/03\/WhatsApp-Image-2026-03-13-at-7.55.06-PM-214x300.jpeg\" alt=\"\" width=\"214\" height=\"300\" srcset=\"https:\/\/bavaromagazinenet-130b396.ingress-daribow.ewp.live\/wp-content\/uploads\/2026\/03\/WhatsApp-Image-2026-03-13-at-7.55.06-PM-214x300.jpeg 214w, https:\/\/bavaromagazinenet-130b396.ingress-daribow.ewp.live\/wp-content\/uploads\/2026\/03\/WhatsApp-Image-2026-03-13-at-7.55.06-PM-731x1024.jpeg 731w, https:\/\/bavaromagazinenet-130b396.ingress-daribow.ewp.live\/wp-content\/uploads\/2026\/03\/WhatsApp-Image-2026-03-13-at-7.55.06-PM-768x1076.jpeg 768w, https:\/\/bavaromagazinenet-130b396.ingress-daribow.ewp.live\/wp-content\/uploads\/2026\/03\/WhatsApp-Image-2026-03-13-at-7.55.06-PM.jpeg 914w\" sizes=\"auto, (max-width: 214px) 100vw, 214px\" \/><\/p>\n","protected":false},"excerpt":{"rendered":"<p>Angelo Perrone sigue poniendo la bandera Dominicana en alto,con nominaci\u00f3n a Premios F\u00e9nix de Colombia<\/p>\n","protected":false},"author":1,"featured_media":50,"comment_status":"open","ping_status":"open","sticky":false,"template":"","format":"gallery","meta":{"footnotes":""},"categories":[9],"tags":[],"class_list":["post-49","post","type-post","status-publish","format-gallery","has-post-thumbnail","hentry","category-musica","post_format-post-format-gallery"],"_links":{"self":[{"href":"https:\/\/bavaromagazinenet-130b396.ingress-daribow.ewp.live\/index.php?rest_route=\/wp\/v2\/posts\/49","targetHints":{"allow":["GET"]}}],"collection":[{"href":"https:\/\/bavaromagazinenet-130b396.ingress-daribow.ewp.live\/index.php?rest_route=\/wp\/v2\/posts"}],"about":[{"href":"https:\/\/bavaromagazinenet-130b396.ingress-daribow.ewp.live\/index.php?rest_route=\/wp\/v2\/types\/post"}],"author":[{"embeddable":true,"href":"https:\/\/bavaromagazinenet-130b396.ingress-daribow.ewp.live\/index.php?rest_route=\/wp\/v2\/users\/1"}],"replies":[{"embeddable":true,"href":"https:\/\/bavaromagazinenet-130b396.ingress-daribow.ewp.live\/index.php?rest_route=%2Fwp%2Fv2%2Fcomments&post=49"}],"version-history":[{"count":1,"href":"https:\/\/bavaromagazinenet-130b396.ingress-daribow.ewp.live\/index.php?rest_route=\/wp\/v2\/posts\/49\/revisions"}],"predecessor-version":[{"id":53,"href":"https:\/\/bavaromagazinenet-130b396.ingress-daribow.ewp.live\/index.php?rest_route=\/wp\/v2\/posts\/49\/revisions\/53"}],"wp:featuredmedia":[{"embeddable":true,"href":"https:\/\/bavaromagazinenet-130b396.ingress-daribow.ewp.live\/index.php?rest_route=\/wp\/v2\/media\/50"}],"wp:attachment":[{"href":"https:\/\/bavaromagazinenet-130b396.ingress-daribow.ewp.live\/index.php?rest_route=%2Fwp%2Fv2%2Fmedia&parent=49"}],"wp:term":[{"taxonomy":"category","embeddable":true,"href":"https:\/\/bavaromagazinenet-130b396.ingress-daribow.ewp.live\/index.php?rest_route=%2Fwp%2Fv2%2Fcategories&post=49"},{"taxonomy":"post_tag","embeddable":true,"href":"https:\/\/bavaromagazinenet-130b396.ingress-daribow.ewp.live\/index.php?rest_route=%2Fwp%2Fv2%2Ftags&post=49"}],"curies":[{"name":"wp","href":"https:\/\/api.w.org\/{rel}","templated":true}]}}