{"id":142,"date":"2026-04-27T23:24:44","date_gmt":"2026-04-27T23:24:44","guid":{"rendered":"https:\/\/bavaromagazinenet-130b396.ingress-daribow.ewp.live\/?p=142"},"modified":"2026-04-27T23:24:44","modified_gmt":"2026-04-27T23:24:44","slug":"cenhad-celebra-el-mes-del-autismo-con-jornada-inclusiva-en-panaca","status":"publish","type":"post","link":"https:\/\/bavaromagazinenet-130b396.ingress-daribow.ewp.live\/?p=142","title":{"rendered":"CENHAD celebra el mes del autismo con jornada inclusiva en Panaca"},"content":{"rendered":"<p>En el marco del Mes de Concienciaci\u00f3n sobre el Autismo, el Centro de Formaci\u00f3n e Inclusi\u00f3n de la Ni\u00f1ez con Habilidades Diversas (CENHAD), junto al programa radial La Voz del Autismo, realiz\u00f3 este s\u00e1bado una emotiva jornada en las instalaciones de Panaca, en Punta Cana, bajo el lema \u201cUnidos por la neurodiversidad\u201d.<!--more--><\/p>\n<p>La actividad destac\u00f3 la importancia de una convivencia aut\u00e9ntica, basada en el respeto, la empat\u00eda y la adaptaci\u00f3n, como pilares fundamentales para el desarrollo y la inclusi\u00f3n de las familias neurodiversas en la sociedad.<\/p>\n<p>Cientos de familias y ni\u00f1os participaron con entusiasmo en una experiencia enriquecedora, disfrutando de diversas actividades recreativas como montar a caballo, alimentar animales, elaborar queso y casabe, adem\u00e1s del tradicional show de animales del parque. Durante la jornada, trovadores resaltaron la esencia de los ni\u00f1os con autismo, as\u00ed como las fortalezas y los desaf\u00edos que enfrentan sus padres.<\/p>\n<p>El evento tambi\u00e9n cont\u00f3 con la participaci\u00f3n especial del saxofonista Darling Sax, quien anim\u00f3 el ambiente con su m\u00fasica, logrando que los ni\u00f1os bailaran, brincaran y se llenaran de alegr\u00eda. Asimismo, se recibi\u00f3 la visita de Rafael Cisneros y Rafael, padre del joven Diego, representantes del gafete de girasoles.<\/p>\n<p>La jornada concluy\u00f3 en un ambiente de diversi\u00f3n, aprendizaje y mucho amor, reafirmando el compromiso de CENHAD con la inclusi\u00f3n y el bienestar de los ni\u00f1os con habilidades diversas.<!--more--><\/p>\n<p><img loading=\"lazy\" decoding=\"async\" class=\"alignnone size-medium wp-image-144\" src=\"https:\/\/bavaromagazinenet-130b396.ingress-daribow.ewp.live\/wp-content\/uploads\/2026\/04\/WhatsApp-Image-2026-04-27-at-1.27.26-PM-1-300x300.jpeg\" alt=\"\" width=\"300\" height=\"300\" srcset=\"https:\/\/bavaromagazinenet-130b396.ingress-daribow.ewp.live\/wp-content\/uploads\/2026\/04\/WhatsApp-Image-2026-04-27-at-1.27.26-PM-1-300x300.jpeg 300w, https:\/\/bavaromagazinenet-130b396.ingress-daribow.ewp.live\/wp-content\/uploads\/2026\/04\/WhatsApp-Image-2026-04-27-at-1.27.26-PM-1-1024x1024.jpeg 1024w, https:\/\/bavaromagazinenet-130b396.ingress-daribow.ewp.live\/wp-content\/uploads\/2026\/04\/WhatsApp-Image-2026-04-27-at-1.27.26-PM-1-150x150.jpeg 150w, https:\/\/bavaromagazinenet-130b396.ingress-daribow.ewp.live\/wp-content\/uploads\/2026\/04\/WhatsApp-Image-2026-04-27-at-1.27.26-PM-1-768x768.jpeg 768w, https:\/\/bavaromagazinenet-130b396.ingress-daribow.ewp.live\/wp-content\/uploads\/2026\/04\/WhatsApp-Image-2026-04-27-at-1.27.26-PM-1-1536x1536.jpeg 1536w, https:\/\/bavaromagazinenet-130b396.ingress-daribow.ewp.live\/wp-content\/uploads\/2026\/04\/WhatsApp-Image-2026-04-27-at-1.27.26-PM-1.jpeg 1600w\" sizes=\"auto, (max-width: 300px) 100vw, 300px\" \/> <img loading=\"lazy\" decoding=\"async\" class=\"alignnone size-medium wp-image-145\" src=\"https:\/\/bavaromagazinenet-130b396.ingress-daribow.ewp.live\/wp-content\/uploads\/2026\/04\/WhatsApp-Image-2026-04-27-at-1.27.26-PM55232-225x300.jpeg\" alt=\"\" width=\"225\" height=\"300\" srcset=\"https:\/\/bavaromagazinenet-130b396.ingress-daribow.ewp.live\/wp-content\/uploads\/2026\/04\/WhatsApp-Image-2026-04-27-at-1.27.26-PM55232-225x300.jpeg 225w, https:\/\/bavaromagazinenet-130b396.ingress-daribow.ewp.live\/wp-content\/uploads\/2026\/04\/WhatsApp-Image-2026-04-27-at-1.27.26-PM55232-768x1024.jpeg 768w, https:\/\/bavaromagazinenet-130b396.ingress-daribow.ewp.live\/wp-content\/uploads\/2026\/04\/WhatsApp-Image-2026-04-27-at-1.27.26-PM55232.jpeg 960w\" sizes=\"auto, (max-width: 225px) 100vw, 225px\" \/><\/p>\n","protected":false},"excerpt":{"rendered":"<p>En el marco del Mes de Concienciaci\u00f3n sobre el Autismo, el Centro de Formaci\u00f3n e Inclusi\u00f3n de la Ni\u00f1ez con Habilidades Diversas (CENHAD), junto al programa radial La Voz del&hellip;<\/p>\n","protected":false},"author":2,"featured_media":143,"comment_status":"open","ping_status":"open","sticky":false,"template":"","format":"gallery","meta":{"footnotes":""},"categories":[2,7],"tags":[],"class_list":["post-142","post","type-post","status-publish","format-gallery","has-post-thumbnail","hentry","category-lo-ultimo","category-punta-cana","post_format-post-format-gallery"],"_links":{"self":[{"href":"https:\/\/bavaromagazinenet-130b396.ingress-daribow.ewp.live\/index.php?rest_route=\/wp\/v2\/posts\/142","targetHints":{"allow":["GET"]}}],"collection":[{"href":"https:\/\/bavaromagazinenet-130b396.ingress-daribow.ewp.live\/index.php?rest_route=\/wp\/v2\/posts"}],"about":[{"href":"https:\/\/bavaromagazinenet-130b396.ingress-daribow.ewp.live\/index.php?rest_route=\/wp\/v2\/types\/post"}],"author":[{"embeddable":true,"href":"https:\/\/bavaromagazinenet-130b396.ingress-daribow.ewp.live\/index.php?rest_route=\/wp\/v2\/users\/2"}],"replies":[{"embeddable":true,"href":"https:\/\/bavaromagazinenet-130b396.ingress-daribow.ewp.live\/index.php?rest_route=%2Fwp%2Fv2%2Fcomments&post=142"}],"version-history":[{"count":1,"href":"https:\/\/bavaromagazinenet-130b396.ingress-daribow.ewp.live\/index.php?rest_route=\/wp\/v2\/posts\/142\/revisions"}],"predecessor-version":[{"id":146,"href":"https:\/\/bavaromagazinenet-130b396.ingress-daribow.ewp.live\/index.php?rest_route=\/wp\/v2\/posts\/142\/revisions\/146"}],"wp:featuredmedia":[{"embeddable":true,"href":"https:\/\/bavaromagazinenet-130b396.ingress-daribow.ewp.live\/index.php?rest_route=\/wp\/v2\/media\/143"}],"wp:attachment":[{"href":"https:\/\/bavaromagazinenet-130b396.ingress-daribow.ewp.live\/index.php?rest_route=%2Fwp%2Fv2%2Fmedia&parent=142"}],"wp:term":[{"taxonomy":"category","embeddable":true,"href":"https:\/\/bavaromagazinenet-130b396.ingress-daribow.ewp.live\/index.php?rest_route=%2Fwp%2Fv2%2Fcategories&post=142"},{"taxonomy":"post_tag","embeddable":true,"href":"https:\/\/bavaromagazinenet-130b396.ingress-daribow.ewp.live\/index.php?rest_route=%2Fwp%2Fv2%2Ftags&post=142"}],"curies":[{"name":"wp","href":"https:\/\/api.w.org\/{rel}","templated":true}]}}