{"id":126,"date":"2026-04-06T21:36:46","date_gmt":"2026-04-06T21:36:46","guid":{"rendered":"https:\/\/bavaromagazinenet-130b396.ingress-daribow.ewp.live\/?p=126"},"modified":"2026-04-06T21:36:46","modified_gmt":"2026-04-06T21:36:46","slug":"monsenor-morel-diplan-visita-la-pastoral-de-la-salud-y-constata-su-labor-en-sectores-vulnerables","status":"publish","type":"post","link":"https:\/\/bavaromagazinenet-130b396.ingress-daribow.ewp.live\/?p=126","title":{"rendered":"Monse\u00f1or Morel Dipl\u00e1n visita la Pastoral de la Salud y constata su labor en sectores vulnerables"},"content":{"rendered":"<p>Monse\u00f1or Morel Dipl\u00e1n visita la Pastoral de la Salud y constata su labor en sectores vulnerables<!--more--><\/p>\n<p>Santo Domingo, 6 de abril de 2026. El arzobispo coadjutor de Santo Domingo, monse\u00f1or Carlos Tom\u00e1s Morel Dipl\u00e1n, realiz\u00f3 una visita institucional a la Pastoral de la Salud de la Arquidi\u00f3cesis, donde sostuvo un encuentro con su equipo t\u00e9cnico y conoci\u00f3 el alcance de los servicios que la Iglesia ofrece en el \u00e1mbito sanitario.<\/p>\n<p>La coordinadora general de la Pastoral de la Salud de la Arquidi\u00f3cesis de Santo Domingo, sor Mar\u00eda Trinidad Ayala, present\u00f3 los principales instrumentos administrativos y financieros de la instituci\u00f3n, incluyendo el estado de cuentas y la documentaci\u00f3n legal, en un ejercicio de transparencia y gesti\u00f3n responsable.<\/p>\n<p>Durante la jornada, el prelado recorri\u00f3 las distintas \u00e1reas de la instituci\u00f3n, acompa\u00f1ado por profesionales del Dispensario Nuestra Se\u00f1ora de Lourdes, entre ellos psic\u00f3logos y psiquiatras que forman parte de la atenci\u00f3n brindada a la comunidad. El recorrido permiti\u00f3 presentar el funcionamiento de los programas, as\u00ed como el enfoque de atenci\u00f3n integral que combina asistencia m\u00e9dica, acompa\u00f1amiento humano y orientaci\u00f3n espiritual.<\/p>\n<p>Durante el encuentro, el equipo administrativo y m\u00e9dico present\u00f3 las principales iniciativas desarrolladas por la Pastoral de la Salud, junto con datos consolidados de la red de centros cat\u00f3licos de salud y la plataforma digital que articula su labor a nivel nacional.<\/p>\n<p>La visita, realizada el 30 de marzo, pone de relieve la importancia de fortalecer una acci\u00f3n pastoral articulada en el \u00e1mbito de la salud, orientada a responder con eficacia y sentido humano a las necesidades de la poblaci\u00f3n, especialmente de los sectores m\u00e1s vulnerables.<\/p>\n","protected":false},"excerpt":{"rendered":"<p>Monse\u00f1or Morel Dipl\u00e1n visita la Pastoral de la Salud y constata su labor en sectores vulnerables<\/p>\n","protected":false},"author":2,"featured_media":127,"comment_status":"open","ping_status":"open","sticky":false,"template":"","format":"gallery","meta":{"footnotes":""},"categories":[12,13],"tags":[],"class_list":["post-126","post","type-post","status-publish","format-gallery","has-post-thumbnail","hentry","category-nacionales","category-noticia","post_format-post-format-gallery"],"_links":{"self":[{"href":"https:\/\/bavaromagazinenet-130b396.ingress-daribow.ewp.live\/index.php?rest_route=\/wp\/v2\/posts\/126","targetHints":{"allow":["GET"]}}],"collection":[{"href":"https:\/\/bavaromagazinenet-130b396.ingress-daribow.ewp.live\/index.php?rest_route=\/wp\/v2\/posts"}],"about":[{"href":"https:\/\/bavaromagazinenet-130b396.ingress-daribow.ewp.live\/index.php?rest_route=\/wp\/v2\/types\/post"}],"author":[{"embeddable":true,"href":"https:\/\/bavaromagazinenet-130b396.ingress-daribow.ewp.live\/index.php?rest_route=\/wp\/v2\/users\/2"}],"replies":[{"embeddable":true,"href":"https:\/\/bavaromagazinenet-130b396.ingress-daribow.ewp.live\/index.php?rest_route=%2Fwp%2Fv2%2Fcomments&post=126"}],"version-history":[{"count":1,"href":"https:\/\/bavaromagazinenet-130b396.ingress-daribow.ewp.live\/index.php?rest_route=\/wp\/v2\/posts\/126\/revisions"}],"predecessor-version":[{"id":128,"href":"https:\/\/bavaromagazinenet-130b396.ingress-daribow.ewp.live\/index.php?rest_route=\/wp\/v2\/posts\/126\/revisions\/128"}],"wp:featuredmedia":[{"embeddable":true,"href":"https:\/\/bavaromagazinenet-130b396.ingress-daribow.ewp.live\/index.php?rest_route=\/wp\/v2\/media\/127"}],"wp:attachment":[{"href":"https:\/\/bavaromagazinenet-130b396.ingress-daribow.ewp.live\/index.php?rest_route=%2Fwp%2Fv2%2Fmedia&parent=126"}],"wp:term":[{"taxonomy":"category","embeddable":true,"href":"https:\/\/bavaromagazinenet-130b396.ingress-daribow.ewp.live\/index.php?rest_route=%2Fwp%2Fv2%2Fcategories&post=126"},{"taxonomy":"post_tag","embeddable":true,"href":"https:\/\/bavaromagazinenet-130b396.ingress-daribow.ewp.live\/index.php?rest_route=%2Fwp%2Fv2%2Ftags&post=126"}],"curies":[{"name":"wp","href":"https:\/\/api.w.org\/{rel}","templated":true}]}}